{"id":514,"date":"2025-01-09T15:51:05","date_gmt":"2025-01-09T14:51:05","guid":{"rendered":"https:\/\/lafetedesentreprises.fr\/?p=514"},"modified":"2025-01-09T15:51:27","modified_gmt":"2025-01-09T14:51:27","slug":"la-fete-des-entreprises-revient-a-la-croix-saint-ouen","status":"publish","type":"post","link":"https:\/\/lafetedesentreprises.fr\/?p=514","title":{"rendered":"La F\u00eate des entreprises revient \u00e0 La Croix-Saint-Ouen"},"content":{"rendered":"\n<p><strong>La 4\u00e8me \u00e9dition de la F\u00eate des Entreprises pour les professionnels du Pays Compi\u00e9gnois se tiendra le Vendredi 14 avril 2023, \u00e0 la Salle des Sports Alain Mimoun de La Croix-Saint-Ouen.\u00a0<\/strong><\/p>\n\n\n\n<figure class=\"wp-block-image size-large\"><img loading=\"lazy\" decoding=\"async\" width=\"1024\" height=\"768\" src=\"https:\/\/lafetedesentreprises.fr\/wp-content\/uploads\/2025\/01\/image-2-1024x768.png\" alt=\"\" class=\"wp-image-515\" srcset=\"https:\/\/lafetedesentreprises.fr\/wp-content\/uploads\/2025\/01\/image-2-1024x768.png 1024w, https:\/\/lafetedesentreprises.fr\/wp-content\/uploads\/2025\/01\/image-2-300x225.png 300w, https:\/\/lafetedesentreprises.fr\/wp-content\/uploads\/2025\/01\/image-2-768x576.png 768w, https:\/\/lafetedesentreprises.fr\/wp-content\/uploads\/2025\/01\/image-2.png 1368w\" sizes=\"auto, (max-width: 1024px) 100vw, 1024px\" \/><\/figure>\n\n\n\n<p class=\"has-contrast-2-color has-text-color has-link-color wp-elements-fb6473cba7f483ae4c2c9298c9fde8a0\"><em>En 2022, la F\u00eate des Entreprises a r\u00e9uni plus de 100 entreprises et a accueilli plus de 300 visiteurs.<\/em><\/p>\n\n\n\n<p>Dynamiser l\u2019\u00e9conomie locale et de faciliter les rencontres entre entreprises voisines, tel est l&rsquo;objectif de la F\u00eate des entreprises, organis\u00e9e par l\u2019Union des Professionnels de La Croix-Saint-Ouen (UPL). Affichant un certain succ\u00e8s chaque ann\u00e9e, elle revient pour la quatri\u00e8me \u00e9dition, le 14 avril.<\/p>\n\n\n\n<p><a><\/a>Tous les repr\u00e9sentants des entreprises participantes feront ainsi connaissance de leurs \u00e9ventuels futurs fournisseurs, clients ou partenaires, feront la promotion de leurs produits, services et savoir- faire mais \u00e9changeront \u00e9galement sur entrepreneuriat.<\/p>\n\n\n\n<p><a><\/a><a><\/a><a><\/a><a><\/a>La F\u00eate des entreprises se veut aussi collaborative : les \u00e9l\u00e8ves de 4\u00e8me du coll\u00e8ge Jules Verne de la Croix-Saint-Ouen rencontreront les professionnels et \u00e9changer avec eux. Par ailleurs, la journ\u00e9e sera \u00e9galement ponctu\u00e9e d\u2019ateliers et\/ ou conf\u00e9rences anim\u00e9s par des professionnels du Pays Compi\u00e9gnois.<\/p>\n","protected":false},"excerpt":{"rendered":"<p>La 4\u00e8me \u00e9dition de la F\u00eate des Entreprises pour les professionnels du Pays Compi\u00e9gnois se tiendra le Vendredi 14 avril 2023, \u00e0 la Salle des Sports Alain Mimoun de La Croix-Saint-Ouen.\u00a0 En 2022, la F\u00eate des Entreprises a r\u00e9uni plus de 100 entreprises et a accueilli plus de 300 visiteurs. Dynamiser l\u2019\u00e9conomie locale et de [&hellip;]<\/p>\n","protected":false},"author":1,"featured_media":515,"comment_status":"closed","ping_status":"open","sticky":false,"template":"","format":"standard","meta":{"_uag_custom_page_level_css":"","footnotes":""},"categories":[],"tags":[],"class_list":["post-514","post","type-post","status-publish","format-standard","has-post-thumbnail","hentry"],"uagb_featured_image_src":{"full":["https:\/\/lafetedesentreprises.fr\/wp-content\/uploads\/2025\/01\/image-2.png",1368,1026,false],"thumbnail":["https:\/\/lafetedesentreprises.fr\/wp-content\/uploads\/2025\/01\/image-2-150x150.png",150,150,true],"medium":["https:\/\/lafetedesentreprises.fr\/wp-content\/uploads\/2025\/01\/image-2-300x225.png",300,225,true],"medium_large":["https:\/\/lafetedesentreprises.fr\/wp-content\/uploads\/2025\/01\/image-2-768x576.png",768,576,true],"large":["https:\/\/lafetedesentreprises.fr\/wp-content\/uploads\/2025\/01\/image-2-1024x768.png",1024,768,true],"1536x1536":["https:\/\/lafetedesentreprises.fr\/wp-content\/uploads\/2025\/01\/image-2.png",1368,1026,false],"2048x2048":["https:\/\/lafetedesentreprises.fr\/wp-content\/uploads\/2025\/01\/image-2.png",1368,1026,false]},"uagb_author_info":{"display_name":"Camille","author_link":"https:\/\/lafetedesentreprises.fr\/?author=1"},"uagb_comment_info":0,"uagb_excerpt":"La 4\u00e8me \u00e9dition de la F\u00eate des Entreprises pour les professionnels du Pays Compi\u00e9gnois se tiendra le Vendredi 14 avril 2023, \u00e0 la Salle des Sports Alain Mimoun de La Croix-Saint-Ouen.\u00a0 En 2022, la F\u00eate des Entreprises a r\u00e9uni plus de 100 entreprises et a accueilli plus de 300 visiteurs. Dynamiser l\u2019\u00e9conomie locale et de\u2026","_links":{"self":[{"href":"https:\/\/lafetedesentreprises.fr\/index.php?rest_route=\/wp\/v2\/posts\/514","targetHints":{"allow":["GET"]}}],"collection":[{"href":"https:\/\/lafetedesentreprises.fr\/index.php?rest_route=\/wp\/v2\/posts"}],"about":[{"href":"https:\/\/lafetedesentreprises.fr\/index.php?rest_route=\/wp\/v2\/types\/post"}],"author":[{"embeddable":true,"href":"https:\/\/lafetedesentreprises.fr\/index.php?rest_route=\/wp\/v2\/users\/1"}],"replies":[{"embeddable":true,"href":"https:\/\/lafetedesentreprises.fr\/index.php?rest_route=%2Fwp%2Fv2%2Fcomments&post=514"}],"version-history":[{"count":2,"href":"https:\/\/lafetedesentreprises.fr\/index.php?rest_route=\/wp\/v2\/posts\/514\/revisions"}],"predecessor-version":[{"id":518,"href":"https:\/\/lafetedesentreprises.fr\/index.php?rest_route=\/wp\/v2\/posts\/514\/revisions\/518"}],"wp:featuredmedia":[{"embeddable":true,"href":"https:\/\/lafetedesentreprises.fr\/index.php?rest_route=\/wp\/v2\/media\/515"}],"wp:attachment":[{"href":"https:\/\/lafetedesentreprises.fr\/index.php?rest_route=%2Fwp%2Fv2%2Fmedia&parent=514"}],"wp:term":[{"taxonomy":"category","embeddable":true,"href":"https:\/\/lafetedesentreprises.fr\/index.php?rest_route=%2Fwp%2Fv2%2Fcategories&post=514"},{"taxonomy":"post_tag","embeddable":true,"href":"https:\/\/lafetedesentreprises.fr\/index.php?rest_route=%2Fwp%2Fv2%2Ftags&post=514"}],"curies":[{"name":"wp","href":"https:\/\/api.w.org\/{rel}","templated":true}]}}